{"id":4303769,"date":"2026-01-26T08:57:14","date_gmt":"2026-01-26T07:57:14","guid":{"rendered":"https:\/\/www.carlton-international.com\/?p=4303769"},"modified":"2026-03-05T08:52:30","modified_gmt":"2026-03-05T07:52:30","slug":"eze-entre-o-mar-e-as-montanhas-uma-aldeia-excepcional","status":"publish","type":"post","link":"https:\/\/www.carlton-international.com\/pt-pt\/eze-entre-o-mar-e-as-montanhas-uma-aldeia-excepcional\/","title":{"rendered":"\u00c8ze: entre o mar e as montanhas, uma aldeia excepcional"},"content":{"rendered":"\t\t<div data-elementor-type=\"wp-post\" data-elementor-id=\"4303769\" class=\"elementor elementor-4303769 elementor-4303761\" data-elementor-post-type=\"post\">\n\t\t\t\t<div class=\"elementor-element elementor-element-6e969bf1 e-flex e-con-boxed e-con e-parent\" data-id=\"6e969bf1\" data-element_type=\"container\" data-settings=\"{&quot;jet_parallax_layout_list&quot;:[]}\">\n\t\t\t\t\t<div class=\"e-con-inner\">\n\t\t\t\t<div class=\"elementor-element elementor-element-779bd158 elementor-widget elementor-widget-text-editor\" data-id=\"779bd158\" data-element_type=\"widget\" data-widget_type=\"text-editor.default\">\n\t\t\t\t\t\t\t\t\t<h2>\u00a0<\/h2><p>Situado entre o c\u00e9u e o mar, o vilarejo de <strong>\u00c8ze<\/strong> \u00e9 um dos tesouros incontest\u00e1veis da Riviera. Com as suas ruelas medievais, panoramas deslumbrantes e acesso privilegiado ao M\u00f3naco, este povoado elevado atrai h\u00e1 d\u00e9cadas uma clientela internacional em busca de exclusividade.<\/p><p>Na <strong>Carlton International<\/strong>, acompanhamos compradores de todo o mundo na procura de um im\u00f3vel verdadeiramente \u00fanico \u2014 seja uma <strong>propriedade em \u00c8ze<\/strong>, uma villa contempor\u00e2nea com piscina infinita ou uma casa charmosa e aut\u00eantica no cora\u00e7\u00e3o do vilarejo. A nossa experi\u00eancia local permite-nos oferecer uma an\u00e1lise de mercado precisa e orientar os nossos clientes para as melhores oportunidades de investimento num contexto onde a oferta \u00e9 estruturalmente limitada.<\/p><h2>Porque \u00c8ze est\u00e1 entre os vilarejos mais prestigiados da C\u00f4te d\u2019Azur<\/h2><h3>Uma localiza\u00e7\u00e3o natural espetacular<\/h3><p>Idealmente situado entre Nice e M\u00f3naco, \u00c8ze beneficia de uma posi\u00e7\u00e3o excecional, dominando o Mediterr\u00e2neo a partir do seu promont\u00f3rio rochoso. O vilarejo oferece vistas \u00fanicas, ruelas de pedra magnificamente preservadas e uma qualidade de vida incompar\u00e1vel. Esta combina\u00e7\u00e3o rara torna o <strong>mercado imobili\u00e1rio de \u00c8ze<\/strong> um dos mais desejados de Fran\u00e7a. A altitude do vilarejo cria uma verdadeira varanda sobre o mar, transformando cada propriedade num local de contempla\u00e7\u00e3o permanente.<\/p><h3>Um patrim\u00f3nio raro e protegido<\/h3><p>O centro hist\u00f3rico, totalmente livre de autom\u00f3veis, \u00e9 um dos vilarejos medievais mais bem preservados do pa\u00eds. Esta prote\u00e7\u00e3o garante estabilidade arquitet\u00f3nica e uma atmosfera intemporal. Quem adquire uma <strong>propriedade em \u00c8ze<\/strong> integra-se numa tradi\u00e7\u00e3o de art de vivre proven\u00e7al, enriquecida por um ambiente prestigioso \u00e0 beira-mar.<\/p><h2>O mercado imobili\u00e1rio de \u00c8ze em 2026<\/h2><h3>Atra\u00e7\u00e3o internacional crescente<\/h3><p>Em 2026, \u00c8ze continua a atrair uma clientela internacional exigente \u2014 incluindo compradores da Escandin\u00e1via, dos Estados Unidos, da Su\u00ed\u00e7a, do Reino Unido e de muitos outros pa\u00edses. Esta diversidade refor\u00e7a o interesse pelas <strong>propriedades de luxo em \u00c8ze<\/strong>, especialmente aquelas com vistas espetaculares para o mar e acesso r\u00e1pido ao Principado do M\u00f3naco.<\/p><h3>Tipos de propriedades de exce\u00e7\u00e3o<\/h3><p>O mercado local divide-se principalmente em tr\u00eas categorias:<\/p><ul><li><strong>Villas modernas:<\/strong> Caracterizadas por linhas puras, grandes superf\u00edcies envidra\u00e7adas e piscinas infinitas voltadas para o horizonte.<\/li><li><strong>Casas de vilarejo:<\/strong> Cuidadosamente renovadas, cheias de charme e autenticidade, proporcionando uma imers\u00e3o total na hist\u00f3ria do local.<\/li><li><strong>Propriedades privadas:<\/strong> Verdadeiras obras-primas arquitet\u00f3nicas, muitas vezes situadas no <strong>Cap d\u2019\u00c8ze<\/strong>, oferecendo privacidade absoluta.<\/li><\/ul><h2>\u00c8ze Village vs. \u00c8ze Bord\u2011de\u2011Mer: duas atmosferas distintas<\/h2><h3>\u00c8ze Village: charme medieval elevado<\/h3><p>O centro hist\u00f3rico \u00e9 um lugar que parece suspenso no tempo. Aqui, o <strong>imobili\u00e1rio em \u00c8ze Village<\/strong> \u00e9 composto por casas de pedra restauradas e apartamentos elevados com vistas deslumbrantes sobre o Mediterr\u00e2neo. Este mercado atrai amantes da arquitetura hist\u00f3rica que procuram um endere\u00e7o verdadeiramente intemporal.<\/p><h3>\u00c8ze Bord\u2011de\u2011Mer: modernidade e vida \u00e0 beira-mar<\/h3><p>Localizado abaixo do vilarejo, \u00c8ze Bord\u2011de\u2011Mer \u00e9 um ref\u00fagio tranquilo diretamente junto ao mar. As propriedades s\u00e3o mais modernas e frequentemente rodeadas por jardins mediterr\u00e2nicos. Esta zona \u00e9 especialmente apreciada por compradores que procuram uma <strong>propriedade moderna em \u00c8ze<\/strong> e desejam permanecer a menos de 10 minutos de M\u00f3naco.<\/p><h2>Porque escolher a Carlton International para o seu projeto em \u00c8ze?<\/h2><h3>Conhecimento profundo do mercado<\/h3><p>H\u00e1 mais de 30 anos, a Carlton International acompanha compradores exigentes. O nosso conhecimento aprofundado do <strong>setor de \u00c8ze<\/strong> permite-nos identificar as oportunidades mais raras \u2014 incluindo aquelas provenientes do mercado confidencial (off\u2011market).<\/p><h3>Acompanhamento personalizado<\/h3><p>Cada projeto \u00e9 \u00fanico. Quer procure uma <strong>villa contempor\u00e2nea \u00e0 beira-mar<\/strong> ou um im\u00f3vel com charme medieval, oferecemos:<\/p><ul><li>An\u00e1lise patrimonial e fiscal personalizada;<\/li><li>Acesso a uma rede internacional de compradores qualificados;<\/li><li>Apoio jur\u00eddico completo para garantir uma aquisi\u00e7\u00e3o segura.<\/li><\/ul><h2>\u00a0<\/h2><p>Entre o mar e a montanha, \u00c8ze \u00e9 um vilarejo \u00fanico, aberto para o infinito. O seu mercado imobili\u00e1rio \u00e9 um dos mais exclusivos da C\u00f4te d\u2019Azur \u2014 ideal para um investimento duradouro num cen\u00e1rio verdadeiramente excecional.<\/p><p><strong>Gostaria de aceder \u00e0 nossa sele\u00e7\u00e3o confidencial de propriedades em \u00c8ze ou agendar uma visita privada? Contacte hoje mesmo os especialistas da Carlton International.<\/strong><\/p><p><strong>Deseja que eu prepare conte\u00fados para outra zona, como propriedades de prest\u00edgio em Beaulieu\u2011sur\u2011Mer ou Saint\u2011Jean\u2011Cap\u2011Ferrat?<\/strong><\/p><p>3 Av. Claude Vignon, 06230 Saint\u2011Jean\u2011Cap\u2011Ferrat, Fran\u00e7a<\/p><p><a href=\"https:\/\/www.carlton-international.com\/pt-pt\/agence\/agence-immobiliere-saint-jean-cap-ferrat\/\">https:\/\/www.carlton-international.com\/agence\/agence-immobiliere-saint-jean-cap-ferrat\/<\/a><\/p>\t\t\t\t\t\t\t\t<\/div>\n\t\t\t\t\t<\/div>\n\t\t\t\t<\/div>\n\t\t\t\t<\/div>\n\t\t","protected":false},"excerpt":{"rendered":"<p>Situado entre o c\u00e9u e o mar, o vilarejo de \u00c8ze \u00e9 um dos tesouros incontest\u00e1veis da Riviera. Com as suas ruelas medievais, panoramas deslumbrantes e acesso privilegiado ao M\u00f3naco, este povoado elevado atrai h\u00e1 d\u00e9cadas uma clientela internacional em busca de exclusividade. Na Carlton International, acompanhamos compradores de todo o mundo na procura de [&hellip;]<\/p>\n","protected":false},"author":9,"featured_media":4310402,"comment_status":"closed","ping_status":"closed","sticky":false,"template":"","format":"standard","meta":{"_acf_changed":false,"_jetpack_memberships_contains_paid_content":false,"footnotes":"","_wp_rev_ctl_limit":""},"categories":[1973],"tags":[],"class_list":["post-4303769","post","type-post","status-publish","format-standard","has-post-thumbnail","hentry","category-sem-categoria"],"acf":[],"yoast_head":"<!-- This site is optimized with the Yoast SEO Premium plugin v20.11 (Yoast SEO v26.5) - https:\/\/yoast.com\/wordpress\/plugins\/seo\/ -->\n<title>\u00c8ze : village d\u2019exception pour un immobilier de prestige<\/title>\n<meta name=\"description\" content=\"Descubra porque \u00c8ze, entre o mar e a montanha, \u00e9 um dos mercados imobili\u00e1rios mais exclusivos da C\u00f4te d\u2019Azur. Villas de luxo, vistas para o mar e propriedades \u00fanicas.\" \/>\n<meta name=\"robots\" content=\"index, follow, max-snippet:-1, max-image-preview:large, max-video-preview:-1\" \/>\n<link rel=\"canonical\" href=\"https:\/\/www.carlton-international.com\/pt-pt\/eze-entre-o-mar-e-as-montanhas-uma-aldeia-excepcional\/\" \/>\n<meta property=\"og:locale\" content=\"pt_PT\" \/>\n<meta property=\"og:type\" content=\"article\" \/>\n<meta property=\"og:title\" content=\"\u00c8ze: entre o mar e as montanhas, uma aldeia excepcional\" \/>\n<meta property=\"og:description\" content=\"Descubra porque \u00c8ze, entre o mar e a montanha, \u00e9 um dos mercados imobili\u00e1rios mais exclusivos da C\u00f4te d\u2019Azur. Villas de luxo, vistas para o mar e propriedades \u00fanicas.\" \/>\n<meta property=\"og:url\" content=\"https:\/\/www.carlton-international.com\/pt-pt\/eze-entre-o-mar-e-as-montanhas-uma-aldeia-excepcional\/\" \/>\n<meta property=\"og:site_name\" content=\"Carlton International\" \/>\n<meta property=\"article:publisher\" content=\"https:\/\/www.facebook.com\/CarltonInternationalRealEstate\/\" \/>\n<meta property=\"article:published_time\" content=\"2026-01-26T07:57:14+00:00\" \/>\n<meta property=\"article:modified_time\" content=\"2026-03-05T07:52:30+00:00\" \/>\n<meta property=\"og:image\" content=\"https:\/\/www.carlton-international.com\/wp-content\/uploads\/2026\/01\/large-_DSC6771-2.jpeg\" \/>\n\t<meta property=\"og:image:width\" content=\"721\" \/>\n\t<meta property=\"og:image:height\" content=\"1080\" \/>\n\t<meta property=\"og:image:type\" content=\"image\/jpeg\" \/>\n<meta name=\"author\" content=\"Cl\u00e9ment Houde\" \/>\n<meta name=\"twitter:card\" content=\"summary_large_image\" \/>\n<meta name=\"twitter:creator\" content=\"@CarltonInter\" \/>\n<meta name=\"twitter:site\" content=\"@CarltonInter\" \/>\n<meta name=\"twitter:label1\" content=\"Escrito por\" \/>\n\t<meta name=\"twitter:data1\" content=\"Cl\u00e9ment Houde\" \/>\n\t<meta name=\"twitter:label2\" content=\"Tempo estimado de leitura\" \/>\n\t<meta name=\"twitter:data2\" content=\"4 minutos\" \/>\n<script type=\"application\/ld+json\" class=\"yoast-schema-graph\">{\"@context\":\"https:\/\/schema.org\",\"@graph\":[{\"@type\":\"Article\",\"@id\":\"https:\/\/www.carlton-international.com\/pt-pt\/eze-entre-o-mar-e-as-montanhas-uma-aldeia-excepcional\/#article\",\"isPartOf\":{\"@id\":\"https:\/\/www.carlton-international.com\/pt-pt\/eze-entre-o-mar-e-as-montanhas-uma-aldeia-excepcional\/\"},\"author\":{\"name\":\"Cl\u00e9ment Houde\",\"@id\":\"https:\/\/www.carlton-international.com\/pt-pt\/#\/schema\/person\/2c1502e643e3ce7911bc962703d06adb\"},\"headline\":\"\u00c8ze: entre o mar e as montanhas, uma aldeia excepcional\",\"datePublished\":\"2026-01-26T07:57:14+00:00\",\"dateModified\":\"2026-03-05T07:52:30+00:00\",\"mainEntityOfPage\":{\"@id\":\"https:\/\/www.carlton-international.com\/pt-pt\/eze-entre-o-mar-e-as-montanhas-uma-aldeia-excepcional\/\"},\"wordCount\":737,\"publisher\":{\"@id\":\"https:\/\/www.carlton-international.com\/pt-pt\/#organization\"},\"image\":{\"@id\":\"https:\/\/www.carlton-international.com\/pt-pt\/eze-entre-o-mar-e-as-montanhas-uma-aldeia-excepcional\/#primaryimage\"},\"thumbnailUrl\":\"https:\/\/www.carlton-international.com\/wp-content\/uploads\/2026\/01\/large-_DSC6771-2.jpeg\",\"inLanguage\":\"pt-PT\"},{\"@type\":\"WebPage\",\"@id\":\"https:\/\/www.carlton-international.com\/pt-pt\/eze-entre-o-mar-e-as-montanhas-uma-aldeia-excepcional\/\",\"url\":\"https:\/\/www.carlton-international.com\/pt-pt\/eze-entre-o-mar-e-as-montanhas-uma-aldeia-excepcional\/\",\"name\":\"\u00c8ze : village d\u2019exception pour un immobilier de prestige\",\"isPartOf\":{\"@id\":\"https:\/\/www.carlton-international.com\/pt-pt\/#website\"},\"primaryImageOfPage\":{\"@id\":\"https:\/\/www.carlton-international.com\/pt-pt\/eze-entre-o-mar-e-as-montanhas-uma-aldeia-excepcional\/#primaryimage\"},\"image\":{\"@id\":\"https:\/\/www.carlton-international.com\/pt-pt\/eze-entre-o-mar-e-as-montanhas-uma-aldeia-excepcional\/#primaryimage\"},\"thumbnailUrl\":\"https:\/\/www.carlton-international.com\/wp-content\/uploads\/2026\/01\/large-_DSC6771-2.jpeg\",\"datePublished\":\"2026-01-26T07:57:14+00:00\",\"dateModified\":\"2026-03-05T07:52:30+00:00\",\"description\":\"Descubra porque \u00c8ze, entre o mar e a montanha, \u00e9 um dos mercados imobili\u00e1rios mais exclusivos da C\u00f4te d\u2019Azur. Villas de luxo, vistas para o mar e propriedades \u00fanicas.\",\"breadcrumb\":{\"@id\":\"https:\/\/www.carlton-international.com\/pt-pt\/eze-entre-o-mar-e-as-montanhas-uma-aldeia-excepcional\/#breadcrumb\"},\"inLanguage\":\"pt-PT\",\"potentialAction\":[{\"@type\":\"ReadAction\",\"target\":[\"https:\/\/www.carlton-international.com\/pt-pt\/eze-entre-o-mar-e-as-montanhas-uma-aldeia-excepcional\/\"]}]},{\"@type\":\"ImageObject\",\"inLanguage\":\"pt-PT\",\"@id\":\"https:\/\/www.carlton-international.com\/pt-pt\/eze-entre-o-mar-e-as-montanhas-uma-aldeia-excepcional\/#primaryimage\",\"url\":\"https:\/\/www.carlton-international.com\/wp-content\/uploads\/2026\/01\/large-_DSC6771-2.jpeg\",\"contentUrl\":\"https:\/\/www.carlton-international.com\/wp-content\/uploads\/2026\/01\/large-_DSC6771-2.jpeg\",\"width\":721,\"height\":1080},{\"@type\":\"BreadcrumbList\",\"@id\":\"https:\/\/www.carlton-international.com\/pt-pt\/eze-entre-o-mar-e-as-montanhas-uma-aldeia-excepcional\/#breadcrumb\",\"itemListElement\":[{\"@type\":\"ListItem\",\"position\":1,\"name\":\"Accueil\",\"item\":\"https:\/\/www.carlton-international.com\/pt-pt\/\"},{\"@type\":\"ListItem\",\"position\":2,\"name\":\"\u00c8ze: entre o mar e as montanhas, uma aldeia excepcional\"}]},{\"@type\":\"WebSite\",\"@id\":\"https:\/\/www.carlton-international.com\/pt-pt\/#website\",\"url\":\"https:\/\/www.carlton-international.com\/pt-pt\/\",\"name\":\"Carlton International\",\"description\":\"Luxury Real Estate in France and Internationally\",\"publisher\":{\"@id\":\"https:\/\/www.carlton-international.com\/pt-pt\/#organization\"},\"alternateName\":\"Carlton\",\"potentialAction\":[{\"@type\":\"SearchAction\",\"target\":{\"@type\":\"EntryPoint\",\"urlTemplate\":\"https:\/\/www.carlton-international.com\/pt-pt\/?s={search_term_string}\"},\"query-input\":{\"@type\":\"PropertyValueSpecification\",\"valueRequired\":true,\"valueName\":\"search_term_string\"}}],\"inLanguage\":\"pt-PT\"},{\"@type\":\"Organization\",\"@id\":\"https:\/\/www.carlton-international.com\/pt-pt\/#organization\",\"name\":\"Carlton International\",\"alternateName\":\"Carlton\",\"url\":\"https:\/\/www.carlton-international.com\/pt-pt\/\",\"logo\":{\"@type\":\"ImageObject\",\"inLanguage\":\"pt-PT\",\"@id\":\"https:\/\/www.carlton-international.com\/pt-pt\/#\/schema\/logo\/image\/\",\"url\":\"https:\/\/www.carlton-international.com\/wp-content\/uploads\/2024\/10\/logo-square-1.jpg\",\"contentUrl\":\"https:\/\/www.carlton-international.com\/wp-content\/uploads\/2024\/10\/logo-square-1.jpg\",\"width\":240,\"height\":240,\"caption\":\"Carlton International\"},\"image\":{\"@id\":\"https:\/\/www.carlton-international.com\/pt-pt\/#\/schema\/logo\/image\/\"},\"sameAs\":[\"https:\/\/www.facebook.com\/CarltonInternationalRealEstate\/\",\"https:\/\/x.com\/CarltonInter\",\"https:\/\/www.instagram.com\/carlton.international\/\",\"https:\/\/www.linkedin.com\/company\/carlton-international\/mycompany\/\",\"https:\/\/www.youtube.com\/channel\/UC45DFaSawRRikZFLqr2C_XQ\"]},{\"@type\":\"Person\",\"@id\":\"https:\/\/www.carlton-international.com\/pt-pt\/#\/schema\/person\/2c1502e643e3ce7911bc962703d06adb\",\"name\":\"Cl\u00e9ment Houde\",\"url\":\"https:\/\/www.carlton-international.com\/pt-pt\/author\/clement\/\"}]}<\/script>\n<!-- \/ Yoast SEO Premium plugin. -->","yoast_head_json":{"title":"\u00c8ze : village d\u2019exception pour un immobilier de prestige","description":"Descubra porque \u00c8ze, entre o mar e a montanha, \u00e9 um dos mercados imobili\u00e1rios mais exclusivos da C\u00f4te d\u2019Azur. Villas de luxo, vistas para o mar e propriedades \u00fanicas.","robots":{"index":"index","follow":"follow","max-snippet":"max-snippet:-1","max-image-preview":"max-image-preview:large","max-video-preview":"max-video-preview:-1"},"canonical":"https:\/\/www.carlton-international.com\/pt-pt\/eze-entre-o-mar-e-as-montanhas-uma-aldeia-excepcional\/","og_locale":"pt_PT","og_type":"article","og_title":"\u00c8ze: entre o mar e as montanhas, uma aldeia excepcional","og_description":"Descubra porque \u00c8ze, entre o mar e a montanha, \u00e9 um dos mercados imobili\u00e1rios mais exclusivos da C\u00f4te d\u2019Azur. Villas de luxo, vistas para o mar e propriedades \u00fanicas.","og_url":"https:\/\/www.carlton-international.com\/pt-pt\/eze-entre-o-mar-e-as-montanhas-uma-aldeia-excepcional\/","og_site_name":"Carlton International","article_publisher":"https:\/\/www.facebook.com\/CarltonInternationalRealEstate\/","article_published_time":"2026-01-26T07:57:14+00:00","article_modified_time":"2026-03-05T07:52:30+00:00","og_image":[{"width":721,"height":1080,"url":"https:\/\/www.carlton-international.com\/wp-content\/uploads\/2026\/01\/large-_DSC6771-2.jpeg","type":"image\/jpeg"}],"author":"Cl\u00e9ment Houde","twitter_card":"summary_large_image","twitter_creator":"@CarltonInter","twitter_site":"@CarltonInter","twitter_misc":{"Escrito por":"Cl\u00e9ment Houde","Tempo estimado de leitura":"4 minutos"},"schema":{"@context":"https:\/\/schema.org","@graph":[{"@type":"Article","@id":"https:\/\/www.carlton-international.com\/pt-pt\/eze-entre-o-mar-e-as-montanhas-uma-aldeia-excepcional\/#article","isPartOf":{"@id":"https:\/\/www.carlton-international.com\/pt-pt\/eze-entre-o-mar-e-as-montanhas-uma-aldeia-excepcional\/"},"author":{"name":"Cl\u00e9ment Houde","@id":"https:\/\/www.carlton-international.com\/pt-pt\/#\/schema\/person\/2c1502e643e3ce7911bc962703d06adb"},"headline":"\u00c8ze: entre o mar e as montanhas, uma aldeia excepcional","datePublished":"2026-01-26T07:57:14+00:00","dateModified":"2026-03-05T07:52:30+00:00","mainEntityOfPage":{"@id":"https:\/\/www.carlton-international.com\/pt-pt\/eze-entre-o-mar-e-as-montanhas-uma-aldeia-excepcional\/"},"wordCount":737,"publisher":{"@id":"https:\/\/www.carlton-international.com\/pt-pt\/#organization"},"image":{"@id":"https:\/\/www.carlton-international.com\/pt-pt\/eze-entre-o-mar-e-as-montanhas-uma-aldeia-excepcional\/#primaryimage"},"thumbnailUrl":"https:\/\/www.carlton-international.com\/wp-content\/uploads\/2026\/01\/large-_DSC6771-2.jpeg","inLanguage":"pt-PT"},{"@type":"WebPage","@id":"https:\/\/www.carlton-international.com\/pt-pt\/eze-entre-o-mar-e-as-montanhas-uma-aldeia-excepcional\/","url":"https:\/\/www.carlton-international.com\/pt-pt\/eze-entre-o-mar-e-as-montanhas-uma-aldeia-excepcional\/","name":"\u00c8ze : village d\u2019exception pour un immobilier de prestige","isPartOf":{"@id":"https:\/\/www.carlton-international.com\/pt-pt\/#website"},"primaryImageOfPage":{"@id":"https:\/\/www.carlton-international.com\/pt-pt\/eze-entre-o-mar-e-as-montanhas-uma-aldeia-excepcional\/#primaryimage"},"image":{"@id":"https:\/\/www.carlton-international.com\/pt-pt\/eze-entre-o-mar-e-as-montanhas-uma-aldeia-excepcional\/#primaryimage"},"thumbnailUrl":"https:\/\/www.carlton-international.com\/wp-content\/uploads\/2026\/01\/large-_DSC6771-2.jpeg","datePublished":"2026-01-26T07:57:14+00:00","dateModified":"2026-03-05T07:52:30+00:00","description":"Descubra porque \u00c8ze, entre o mar e a montanha, \u00e9 um dos mercados imobili\u00e1rios mais exclusivos da C\u00f4te d\u2019Azur. Villas de luxo, vistas para o mar e propriedades \u00fanicas.","breadcrumb":{"@id":"https:\/\/www.carlton-international.com\/pt-pt\/eze-entre-o-mar-e-as-montanhas-uma-aldeia-excepcional\/#breadcrumb"},"inLanguage":"pt-PT","potentialAction":[{"@type":"ReadAction","target":["https:\/\/www.carlton-international.com\/pt-pt\/eze-entre-o-mar-e-as-montanhas-uma-aldeia-excepcional\/"]}]},{"@type":"ImageObject","inLanguage":"pt-PT","@id":"https:\/\/www.carlton-international.com\/pt-pt\/eze-entre-o-mar-e-as-montanhas-uma-aldeia-excepcional\/#primaryimage","url":"https:\/\/www.carlton-international.com\/wp-content\/uploads\/2026\/01\/large-_DSC6771-2.jpeg","contentUrl":"https:\/\/www.carlton-international.com\/wp-content\/uploads\/2026\/01\/large-_DSC6771-2.jpeg","width":721,"height":1080},{"@type":"BreadcrumbList","@id":"https:\/\/www.carlton-international.com\/pt-pt\/eze-entre-o-mar-e-as-montanhas-uma-aldeia-excepcional\/#breadcrumb","itemListElement":[{"@type":"ListItem","position":1,"name":"Accueil","item":"https:\/\/www.carlton-international.com\/pt-pt\/"},{"@type":"ListItem","position":2,"name":"\u00c8ze: entre o mar e as montanhas, uma aldeia excepcional"}]},{"@type":"WebSite","@id":"https:\/\/www.carlton-international.com\/pt-pt\/#website","url":"https:\/\/www.carlton-international.com\/pt-pt\/","name":"Carlton International","description":"Luxury Real Estate in France and Internationally","publisher":{"@id":"https:\/\/www.carlton-international.com\/pt-pt\/#organization"},"alternateName":"Carlton","potentialAction":[{"@type":"SearchAction","target":{"@type":"EntryPoint","urlTemplate":"https:\/\/www.carlton-international.com\/pt-pt\/?s={search_term_string}"},"query-input":{"@type":"PropertyValueSpecification","valueRequired":true,"valueName":"search_term_string"}}],"inLanguage":"pt-PT"},{"@type":"Organization","@id":"https:\/\/www.carlton-international.com\/pt-pt\/#organization","name":"Carlton International","alternateName":"Carlton","url":"https:\/\/www.carlton-international.com\/pt-pt\/","logo":{"@type":"ImageObject","inLanguage":"pt-PT","@id":"https:\/\/www.carlton-international.com\/pt-pt\/#\/schema\/logo\/image\/","url":"https:\/\/www.carlton-international.com\/wp-content\/uploads\/2024\/10\/logo-square-1.jpg","contentUrl":"https:\/\/www.carlton-international.com\/wp-content\/uploads\/2024\/10\/logo-square-1.jpg","width":240,"height":240,"caption":"Carlton International"},"image":{"@id":"https:\/\/www.carlton-international.com\/pt-pt\/#\/schema\/logo\/image\/"},"sameAs":["https:\/\/www.facebook.com\/CarltonInternationalRealEstate\/","https:\/\/x.com\/CarltonInter","https:\/\/www.instagram.com\/carlton.international\/","https:\/\/www.linkedin.com\/company\/carlton-international\/mycompany\/","https:\/\/www.youtube.com\/channel\/UC45DFaSawRRikZFLqr2C_XQ"]},{"@type":"Person","@id":"https:\/\/www.carlton-international.com\/pt-pt\/#\/schema\/person\/2c1502e643e3ce7911bc962703d06adb","name":"Cl\u00e9ment Houde","url":"https:\/\/www.carlton-international.com\/pt-pt\/author\/clement\/"}]}},"jetpack_featured_media_url":"https:\/\/www.carlton-international.com\/wp-content\/uploads\/2026\/01\/large-_DSC6771-2.jpeg","jetpack_sharing_enabled":true,"_links":{"self":[{"href":"https:\/\/www.carlton-international.com\/pt-pt\/wp-json\/wp\/v2\/posts\/4303769","targetHints":{"allow":["GET"]}}],"collection":[{"href":"https:\/\/www.carlton-international.com\/pt-pt\/wp-json\/wp\/v2\/posts"}],"about":[{"href":"https:\/\/www.carlton-international.com\/pt-pt\/wp-json\/wp\/v2\/types\/post"}],"author":[{"embeddable":true,"href":"https:\/\/www.carlton-international.com\/pt-pt\/wp-json\/wp\/v2\/users\/9"}],"replies":[{"embeddable":true,"href":"https:\/\/www.carlton-international.com\/pt-pt\/wp-json\/wp\/v2\/comments?post=4303769"}],"version-history":[{"count":6,"href":"https:\/\/www.carlton-international.com\/pt-pt\/wp-json\/wp\/v2\/posts\/4303769\/revisions"}],"predecessor-version":[{"id":4310452,"href":"https:\/\/www.carlton-international.com\/pt-pt\/wp-json\/wp\/v2\/posts\/4303769\/revisions\/4310452"}],"wp:featuredmedia":[{"embeddable":true,"href":"https:\/\/www.carlton-international.com\/pt-pt\/wp-json\/wp\/v2\/media\/4310402"}],"wp:attachment":[{"href":"https:\/\/www.carlton-international.com\/pt-pt\/wp-json\/wp\/v2\/media?parent=4303769"}],"wp:term":[{"taxonomy":"category","embeddable":true,"href":"https:\/\/www.carlton-international.com\/pt-pt\/wp-json\/wp\/v2\/categories?post=4303769"},{"taxonomy":"post_tag","embeddable":true,"href":"https:\/\/www.carlton-international.com\/pt-pt\/wp-json\/wp\/v2\/tags?post=4303769"}],"curies":[{"name":"wp","href":"https:\/\/api.w.org\/{rel}","templated":true}]}}